{"id":213,"date":"2015-09-29T14:19:06","date_gmt":"2015-09-29T13:19:06","guid":{"rendered":"http:\/\/leferrouge-preprod.semi-k.net\/?p=213"},"modified":"2015-10-26T17:57:26","modified_gmt":"2015-10-26T16:57:26","slug":"salle-des-koifus","status":"publish","type":"post","link":"https:\/\/leferrouge.alsace\/de\/2015\/09\/29\/salle-des-koifus\/","title":{"rendered":"Ko\u00effus"},"content":{"rendered":"<p>Situ\u00e9e au premier \u00e9tage, cette salle est enti\u00e8rement bois\u00e9e jusqu&#8217;aux marquetierie de Spindler aux mur pour un esprit ancienne Winstub alsacienne. Dans une atmosph\u00e8re chaude et confin\u00e9e, la fresque murale de 4m sur 2m illumine les lieux. Elle a \u00e9t\u00e9 r\u00e9alis\u00e9e par la graphiste Karine Sabolovic\u00a0en collaboration avec le mus\u00e9e Unterlinden qui nous a confi\u00e9 les fichiers de 3 principaux tableaux moyen\u00e2geux: Le &#8222;Retable d&#8217;Issenhneim&#8220; par Mathias Gr\u00fcnewald, Le &#8222;Retable d&#8217;Orlier&#8220; par Martin Schongauer et &#8222;la M\u00e9lancolie&#8220; par Lucas Cranach L&#8217;Ancien.<\/p>\n","protected":false},"excerpt":{"rendered":"<p>Situ\u00e9e au premier \u00e9tage, cette salle est enti\u00e8rement bois\u00e9e jusqu&#8217;aux marquetierie de Spindler aux mur pour un esprit ancienne Winstub alsacienne. Dans une atmosph\u00e8re chaude et confin\u00e9e, la fresque murale de 4m sur 2m illumine les lieux. Elle a \u00e9t\u00e9 r\u00e9alis\u00e9e par la graphiste Karine Sabolovic\u00a0en collaboration avec le mus\u00e9e Unterlinden qui nous a confi\u00e9 [&hellip;]<\/p>\n","protected":false},"author":2,"featured_media":204,"comment_status":"closed","ping_status":"closed","sticky":false,"template":"","format":"standard","meta":{"footnotes":""},"categories":[10],"tags":[],"class_list":["post-213","post","type-post","status-publish","format-standard","has-post-thumbnail","hentry","category-concept"],"_links":{"self":[{"href":"https:\/\/leferrouge.alsace\/de\/wp-json\/wp\/v2\/posts\/213","targetHints":{"allow":["GET"]}}],"collection":[{"href":"https:\/\/leferrouge.alsace\/de\/wp-json\/wp\/v2\/posts"}],"about":[{"href":"https:\/\/leferrouge.alsace\/de\/wp-json\/wp\/v2\/types\/post"}],"author":[{"embeddable":true,"href":"https:\/\/leferrouge.alsace\/de\/wp-json\/wp\/v2\/users\/2"}],"replies":[{"embeddable":true,"href":"https:\/\/leferrouge.alsace\/de\/wp-json\/wp\/v2\/comments?post=213"}],"version-history":[{"count":5,"href":"https:\/\/leferrouge.alsace\/de\/wp-json\/wp\/v2\/posts\/213\/revisions"}],"predecessor-version":[{"id":325,"href":"https:\/\/leferrouge.alsace\/de\/wp-json\/wp\/v2\/posts\/213\/revisions\/325"}],"wp:featuredmedia":[{"embeddable":true,"href":"https:\/\/leferrouge.alsace\/de\/wp-json\/wp\/v2\/media\/204"}],"wp:attachment":[{"href":"https:\/\/leferrouge.alsace\/de\/wp-json\/wp\/v2\/media?parent=213"}],"wp:term":[{"taxonomy":"category","embeddable":true,"href":"https:\/\/leferrouge.alsace\/de\/wp-json\/wp\/v2\/categories?post=213"},{"taxonomy":"post_tag","embeddable":true,"href":"https:\/\/leferrouge.alsace\/de\/wp-json\/wp\/v2\/tags?post=213"}],"curies":[{"name":"wp","href":"https:\/\/api.w.org\/{rel}","templated":true}]}}