{"id":123,"date":"2015-09-30T11:29:50","date_gmt":"2015-09-30T10:29:50","guid":{"rendered":"http:\/\/leferrouge.dev\/?p=123"},"modified":"2018-08-14T14:20:27","modified_gmt":"2018-08-14T13:20:27","slug":"concept-texte-1","status":"publish","type":"post","link":"https:\/\/leferrouge.alsace\/de\/2015\/09\/30\/concept-texte-1\/","title":{"rendered":"&#8220;Les Marchands&#8220;"},"content":{"rendered":"<p><span style=\"color: #333333;\">La salle des marchands est\u00a0domin\u00e9e par la couleur rouge et le bois massif qui s&#8217;\u00e9tend jusque sur le bar et la biblioth\u00e8que \u00e0 vins. Nous l&#8217;avons voulue chaleureuse et accueillante \u00e0 l&#8217;image de la Ville de Colmar. De nombreuses pi\u00e8ces \u00e9t\u00e9 r\u00e9cup\u00e9r\u00e9es pour parfaire la d\u00e9coration de chacune des salles du Fer Rouge\u00a0. Comme ici, les marqueteries du couvent des Franciscains \u00e0 Strasbourg mises au plafond surmont\u00e9es de lampadaires \u00e0 l&#8217;ancienne aux abat-jours en kelsch. <\/span><\/p>","protected":false},"excerpt":{"rendered":"<p>La salle des marchands est\u00a0domin\u00e9e par la couleur rouge et le bois massif qui s&#8217;\u00e9tend jusque sur le bar et la biblioth\u00e8que \u00e0 vins. Nous l&#8217;avons voulue chaleureuse et accueillante \u00e0 l&#8217;image de la Ville de Colmar. De nombreuses pi\u00e8ces \u00e9t\u00e9 r\u00e9cup\u00e9r\u00e9es pour parfaire la d\u00e9coration de chacune des salles du Fer Rouge\u00a0. Comme ici, [&hellip;]<\/p>\n","protected":false},"author":1,"featured_media":197,"comment_status":"closed","ping_status":"closed","sticky":false,"template":"","format":"standard","meta":{"footnotes":""},"categories":[10],"tags":[],"class_list":["post-123","post","type-post","status-publish","format-standard","has-post-thumbnail","hentry","category-concept"],"_links":{"self":[{"href":"https:\/\/leferrouge.alsace\/de\/wp-json\/wp\/v2\/posts\/123","targetHints":{"allow":["GET"]}}],"collection":[{"href":"https:\/\/leferrouge.alsace\/de\/wp-json\/wp\/v2\/posts"}],"about":[{"href":"https:\/\/leferrouge.alsace\/de\/wp-json\/wp\/v2\/types\/post"}],"author":[{"embeddable":true,"href":"https:\/\/leferrouge.alsace\/de\/wp-json\/wp\/v2\/users\/1"}],"replies":[{"embeddable":true,"href":"https:\/\/leferrouge.alsace\/de\/wp-json\/wp\/v2\/comments?post=123"}],"version-history":[{"count":11,"href":"https:\/\/leferrouge.alsace\/de\/wp-json\/wp\/v2\/posts\/123\/revisions"}],"predecessor-version":[{"id":1040,"href":"https:\/\/leferrouge.alsace\/de\/wp-json\/wp\/v2\/posts\/123\/revisions\/1040"}],"wp:featuredmedia":[{"embeddable":true,"href":"https:\/\/leferrouge.alsace\/de\/wp-json\/wp\/v2\/media\/197"}],"wp:attachment":[{"href":"https:\/\/leferrouge.alsace\/de\/wp-json\/wp\/v2\/media?parent=123"}],"wp:term":[{"taxonomy":"category","embeddable":true,"href":"https:\/\/leferrouge.alsace\/de\/wp-json\/wp\/v2\/categories?post=123"},{"taxonomy":"post_tag","embeddable":true,"href":"https:\/\/leferrouge.alsace\/de\/wp-json\/wp\/v2\/tags?post=123"}],"curies":[{"name":"wp","href":"https:\/\/api.w.org\/{rel}","templated":true}]}}